{"id":58071,"date":"2023-06-12T07:36:28","date_gmt":"2023-06-12T07:36:28","guid":{"rendered":"https:\/\/polideportivocarlostaule.com\/?p=58071"},"modified":"2023-06-12T07:38:28","modified_gmt":"2023-06-12T07:38:28","slug":"a-partir-del-15-de-junio-arranca-el-horario-de-verano","status":"publish","type":"post","link":"https:\/\/polideportivocarlostaule.com\/?p=58071","title":{"rendered":"A partir del 15 de junio arranca el horario de verano"},"content":{"rendered":"\n<p>El pr\u00f3ximo jueves 15 de junio empieza el horario de verano en el Pabell\u00f3n Polideportivo Carlos Taul\u00e9. Hasta el 15 de septiembre, el horario de ma\u00f1ana ser\u00e1 de 9:00 a 13:30 horas y el de tardes de 17:00 a 22:30 horas. Por su parte la parrilla de actividades dirigidas se mantiene igual durante la \u00e9poca estival, as\u00ed que no hay excusa para dejar de cuidarse.<\/p>\n","protected":false},"excerpt":{"rendered":"<p>El pr\u00f3ximo jueves 15 de junio empieza el horario de verano en el Pabell\u00f3n Polideportivo Carlos Taul\u00e9. Hasta el 15 de septiembre, el horario de ma\u00f1ana ser\u00e1 de 9:00 a 13:30 horas y el de tardes de 17:00 a 22:30 horas. Por su parte la parrilla de actividades dirigidas se mantiene igual durante la \u00e9poca&hellip;<\/p>\n","protected":false},"author":1,"featured_media":58072,"comment_status":"closed","ping_status":"closed","sticky":false,"template":"","format":"standard","meta":{"footnotes":""},"categories":[209],"tags":[],"class_list":["post-58071","post","type-post","status-publish","format-standard","has-post-thumbnail","hentry","category-horario-centro","category-209","description-off"],"_links":{"self":[{"href":"https:\/\/polideportivocarlostaule.com\/index.php?rest_route=\/wp\/v2\/posts\/58071","targetHints":{"allow":["GET"]}}],"collection":[{"href":"https:\/\/polideportivocarlostaule.com\/index.php?rest_route=\/wp\/v2\/posts"}],"about":[{"href":"https:\/\/polideportivocarlostaule.com\/index.php?rest_route=\/wp\/v2\/types\/post"}],"author":[{"embeddable":true,"href":"https:\/\/polideportivocarlostaule.com\/index.php?rest_route=\/wp\/v2\/users\/1"}],"replies":[{"embeddable":true,"href":"https:\/\/polideportivocarlostaule.com\/index.php?rest_route=%2Fwp%2Fv2%2Fcomments&post=58071"}],"version-history":[{"count":2,"href":"https:\/\/polideportivocarlostaule.com\/index.php?rest_route=\/wp\/v2\/posts\/58071\/revisions"}],"predecessor-version":[{"id":58074,"href":"https:\/\/polideportivocarlostaule.com\/index.php?rest_route=\/wp\/v2\/posts\/58071\/revisions\/58074"}],"wp:featuredmedia":[{"embeddable":true,"href":"https:\/\/polideportivocarlostaule.com\/index.php?rest_route=\/wp\/v2\/media\/58072"}],"wp:attachment":[{"href":"https:\/\/polideportivocarlostaule.com\/index.php?rest_route=%2Fwp%2Fv2%2Fmedia&parent=58071"}],"wp:term":[{"taxonomy":"category","embeddable":true,"href":"https:\/\/polideportivocarlostaule.com\/index.php?rest_route=%2Fwp%2Fv2%2Fcategories&post=58071"},{"taxonomy":"post_tag","embeddable":true,"href":"https:\/\/polideportivocarlostaule.com\/index.php?rest_route=%2Fwp%2Fv2%2Ftags&post=58071"}],"curies":[{"name":"wp","href":"https:\/\/api.w.org\/{rel}","templated":true}]}}